{"id":491,"date":"2018-03-15T16:50:51","date_gmt":"2018-03-15T14:50:51","guid":{"rendered":"http:\/\/www.diakonische-pflege.de\/wp\/?p=491"},"modified":"2025-01-30T12:49:38","modified_gmt":"2025-01-30T10:49:38","slug":"makeadifference","status":"publish","type":"post","link":"https:\/\/www.diakonische-pflege.de\/wp\/makeadifference\/","title":{"rendered":"#MakeADifference"},"content":{"rendered":"<p>Unter dem Motto Make a difference hat die Pflege-Gesellschaft Rheinland-Pfalz eine Kampagne gestartet, die die Aufmerksamkeit auf die ambulante und station\u00e4re Langzeitpflege lenken soll. Die Arbeit in der Altenpflege soll vorgestellt und Auszubildende gewonnen werden.<\/p>\n<p>Die drei Filme und die Protagonisten (eine Umsch\u00fclerin, ein Auszubildender mit Migrationshintergrund und eine Pflegefachkraft eines ambulanten Dienstes) wurden am 12.03.2018 im Mainzer &#8222;Cinemax&#8220; der \u00d6ffentlichkeit vorgestellt und sind seither \u00fcber die Kampagne-Hompeage der PflegeGesellschaft unter <a href=\"http:\/\/www.pflegesignal.de\">www.pflegesignal.de<\/a> abzurufen.<\/p>\n<p>Der dritte Film \u00fcber die Pflegefachkraft gibt einen Einblick in die Arbeit bei einem ambulanten Pflegedienst und daher verlinken wir ihn hier direkt. Wie Julia Stoffel sind wir mit Dienstwagen unterwegs und versorgen die Patienten in ihrer gewohnten Umgebung &#8211; in ihrem Zuhause. Ob Hilfe bei der K\u00f6rperpflege, Medikamentengabe, Injektionen, Verb\u00e4nde oder das Anziehen von Kompressionsstr\u00fcmpfen &#8211; unser Aufgabengebiet ist vielf\u00e4ltig.<\/p>\n<p>Und wie der Zufall es so will, stellen wir auch noch Pflegefachkr\u00e4fte in Voll- oder Teilzeit ein!<\/p>\n<p>&nbsp;<\/p>\n","protected":false},"excerpt":{"rendered":"<p>Unter dem Motto Make a difference hat die Pflege-Gesellschaft Rheinland-Pfalz eine Kampagne gestartet, die die Aufmerksamkeit auf die ambulante und station\u00e4re Langzeitpflege lenken soll. Die Arbeit in der Altenpflege soll vorgestellt und Auszubildende gewonnen werden. Die drei Filme und die Protagonisten (eine Umsch\u00fclerin, ein Auszubildender mit Migrationshintergrund und eine Pflegefachkraft eines ambulanten Dienstes) wurden am &hellip; <\/p>\n<p class=\"link-more\"><a href=\"https:\/\/www.diakonische-pflege.de\/wp\/makeadifference\/\" class=\"more-link\"><span class=\"screen-reader-text\">\u201e#MakeADifference\u201c<\/span> weiterlesen<\/a><\/p>\n","protected":false},"author":1,"featured_media":0,"comment_status":"closed","ping_status":"closed","sticky":false,"template":"","format":"standard","meta":{"footnotes":""},"categories":[1],"tags":[],"class_list":["post-491","post","type-post","status-publish","format-standard","hentry","category-allgemein"],"aioseo_notices":[],"_links":{"self":[{"href":"https:\/\/www.diakonische-pflege.de\/wp\/wp-json\/wp\/v2\/posts\/491","targetHints":{"allow":["GET"]}}],"collection":[{"href":"https:\/\/www.diakonische-pflege.de\/wp\/wp-json\/wp\/v2\/posts"}],"about":[{"href":"https:\/\/www.diakonische-pflege.de\/wp\/wp-json\/wp\/v2\/types\/post"}],"author":[{"embeddable":true,"href":"https:\/\/www.diakonische-pflege.de\/wp\/wp-json\/wp\/v2\/users\/1"}],"replies":[{"embeddable":true,"href":"https:\/\/www.diakonische-pflege.de\/wp\/wp-json\/wp\/v2\/comments?post=491"}],"version-history":[{"count":4,"href":"https:\/\/www.diakonische-pflege.de\/wp\/wp-json\/wp\/v2\/posts\/491\/revisions"}],"predecessor-version":[{"id":866,"href":"https:\/\/www.diakonische-pflege.de\/wp\/wp-json\/wp\/v2\/posts\/491\/revisions\/866"}],"wp:attachment":[{"href":"https:\/\/www.diakonische-pflege.de\/wp\/wp-json\/wp\/v2\/media?parent=491"}],"wp:term":[{"taxonomy":"category","embeddable":true,"href":"https:\/\/www.diakonische-pflege.de\/wp\/wp-json\/wp\/v2\/categories?post=491"},{"taxonomy":"post_tag","embeddable":true,"href":"https:\/\/www.diakonische-pflege.de\/wp\/wp-json\/wp\/v2\/tags?post=491"}],"curies":[{"name":"wp","href":"https:\/\/api.w.org\/{rel}","templated":true}]}}